{"id":2256,"date":"2026-02-15T03:34:10","date_gmt":"2026-02-15T03:34:10","guid":{"rendered":"https:\/\/elastracy.com.br\/blog\/o-que-causa-labios-assimetricos\/"},"modified":"2026-02-15T03:34:10","modified_gmt":"2026-02-15T03:34:10","slug":"o-que-causa-labios-assimetricos","status":"publish","type":"post","link":"https:\/\/elastracy.com.br\/blog\/o-que-causa-labios-assimetricos\/","title":{"rendered":"# O Que Causa L\u00e1bios Assim\u00e9tricos?"},"content":{"rendered":"<p><!-- META_DESCRIPTION: L\u00e1bios assim\u00e9tricos te incomodam? Descubra como o aumento labial corrige a assimetria e te d\u00e1 o sorriso dos sonhos! Agende sua avalia\u00e7\u00e3o GRATUITA! --><br \/>\n<!-- TITLE_SEO: Aumento Labial para L\u00e1bios Assim\u00e9tricos na Zona Leste de SP: Guia 2026 --><\/p>\n<p>Voc\u00ea se olha no espelho e sente que seus l\u00e1bios n\u00e3o est\u00e3o em harmonia? Um lado parece maior que o outro, te incomodando na hora de sorrir ou usar batom? A assimetria labial \u00e9 mais comum do que voc\u00ea imagina e, felizmente, tem solu\u00e7\u00e3o!<\/p>\n<p>O aumento labial com preenchimento \u00e9 um procedimento est\u00e9tico que pode te ajudar a conquistar l\u00e1bios mais sim\u00e9tricos e volumosos. Imagine ter o sorriso que sempre quis, sem se preocupar com a diferen\u00e7a entre os lados da boca. Continue lendo para descobrir como!<\/p>\n<p>&#8212;<br \/>\n\ud83d\udea8 **ISSO \u00c9 URGENTE? N\u00c3O ESPERE.**<br \/>\nAgende agora seu procedimento!<br \/>\n&#8212;<\/p>\n<p>## O Que Causa L\u00e1bios Assim\u00e9tricos?<\/p>\n<p>A assimetria labial pode ter diversas causas. Algumas pessoas j\u00e1 nascem com essa caracter\u00edstica, enquanto outras desenvolvem ao longo da vida. As principais causas incluem:<\/p>\n<p>*   **Gen\u00e9tica:** A forma dos seus l\u00e1bios pode ser herdada dos seus pais ou av\u00f3s.<br \/>\n*   **Envelhecimento:** Com o tempo, a produ\u00e7\u00e3o de col\u00e1geno diminui, causando flacidez e perda de volume, o que pode acentuar a assimetria.<br \/>\n*   **Trauma:** Les\u00f5es ou cicatrizes nos l\u00e1bios podem alterar sua forma e causar assimetria.<br \/>\n*   **Paralisia Facial:** Condi\u00e7\u00f5es como a paralisia de Bell podem afetar os m\u00fasculos de um lado do rosto, resultando em l\u00e1bios assim\u00e9tricos.<br \/>\n*   **Procedimentos Dent\u00e1rios:** Em alguns casos, extra\u00e7\u00f5es dent\u00e1rias ou outros procedimentos podem influenciar na estrutura labial.<\/p>\n<p>Segundo dados da Sociedade Brasileira de Cirurgia Pl\u00e1stica (SBCP), cerca de 30% das pessoas se incomodam com algum tipo de assimetria facial, incluindo a labial.<\/p>\n<p>## Como o Aumento Labial Corrige a Assimetria?<\/p>\n<p>O preenchimento labial com \u00e1cido hialur\u00f4nico \u00e9 a t\u00e9cnica mais utilizada para corrigir a assimetria. O \u00e1cido hialur\u00f4nico \u00e9 uma subst\u00e2ncia naturalmente presente no nosso organismo, respons\u00e1vel por hidratar e dar volume \u00e0 pele.<\/p>\n<p>O procedimento \u00e9 realizado por um profissional qualificado, que ir\u00e1 injetar o \u00e1cido hialur\u00f4nico nos l\u00e1bios, preenchendo as \u00e1reas com menos volume e harmonizando o sorriso. O resultado \u00e9 imediato e pode durar de 6 a 12 meses, dependendo do organismo de cada pessoa.<\/p>\n<p>1.  **Avalia\u00e7\u00e3o:** O profissional avalia a assimetria e define a quantidade de produto necess\u00e1ria.<br \/>\n2.  **Anestesia:** Aplica\u00e7\u00e3o de anestesia local para minimizar o desconforto.<br \/>\n3.  **Aplica\u00e7\u00e3o:** Inje\u00e7\u00e3o do \u00e1cido hialur\u00f4nico nas \u00e1reas a serem corrigidas.<br \/>\n4.  **Modelagem:** O profissional modela os l\u00e1bios para garantir um resultado natural e sim\u00e9trico.<br \/>\n5.  **Resultado:** L\u00e1bios mais volumosos, definidos e sim\u00e9tricos.<\/p>\n<p>## Preenchimento Labial no Tatuap\u00e9: Qual o Pre\u00e7o M\u00e9dio em 2026?<\/p>\n<p>O pre\u00e7o do preenchimento labial pode variar dependendo do profissional, da cl\u00ednica e da quantidade de produto utilizada. Na Zona Leste de S\u00e3o Paulo, especialmente no Tatuap\u00e9, os pre\u00e7os em 2026 podem variar entre R$800 e R$2.500 por sess\u00e3o.<\/p>\n<p>\u00c9 importante pesquisar e escolher um profissional qualificado e experiente para garantir a seguran\u00e7a e o sucesso do procedimento. Desconfie de pre\u00e7os muito abaixo do mercado, pois podem indicar produtos de baixa qualidade ou profissionais sem a devida qualifica\u00e7\u00e3o.<\/p>\n<p>&#8212;<br \/>\nA Elas Tracy est\u00e1 localizada na Zona Leste de S\u00e3o Paulo e conta com profissionais altamente qualificados para realizar o seu preenchimento labial com seguran\u00e7a e excel\u00eancia. Agende sua avalia\u00e7\u00e3o e conquiste o sorriso que sempre sonhou!<br \/>\n&#8212;<\/p>\n<p>## Tipos de Preenchimento Labial para Assimetria<\/p>\n<p>Existem diferentes t\u00e9cnicas de preenchimento labial que podem ser utilizadas para corrigir a assimetria. A escolha da t\u00e9cnica ideal depende do tipo de assimetria e das expectativas da paciente.<\/p>\n<p>*   **Preenchimento Linear:** Ideal para aumentar o volume e definir o contorno dos l\u00e1bios.<br \/>\n*   **T\u00e9cnica Russa:** Proporciona um efeito mais natural e sutil, com foco no arco do cupido.<br \/>\n*   **T\u00e9cnica Italiana:** Aumenta o volume de forma uniforme, sem projetar muito os l\u00e1bios para frente.<br \/>\n*   **Microgotas:** Pequenas inje\u00e7\u00f5es de \u00e1cido hialur\u00f4nico para corrigir pequenas imperfei\u00e7\u00f5es e assimetrias.<\/p>\n<p>A tabela abaixo compara as principais caracter\u00edsticas de cada t\u00e9cnica:<\/p>\n<p>| T\u00e9cnica        | Volume | Contorno | Naturalidade | Indica\u00e7\u00e3o                                  |<br \/>\n| &#8212;&#8212;&#8212;&#8212;&#8211; | &#8212;&#8212; | &#8212;&#8212;&#8211; | &#8212;&#8212;&#8212;&#8212; | &#8212;&#8212;&#8212;&#8212;&#8212;&#8212;&#8212;&#8212;&#8212;&#8212;&#8212;&#8212;&#8212;&#8212; |<br \/>\n| Linear         | Alto   | Alto     | Baixa        | Aumento de volume e defini\u00e7\u00e3o             |<br \/>\n| Russa          | M\u00e9dio  | M\u00e9dio    | Alta         | Efeito natural e arco do cupido definido |<br \/>\n| Italiana       | M\u00e9dio  | Baixo    | M\u00e9dia        | Volume uniforme e discreto                |<br \/>\n| Microgotas     | Baixo  | Baixo    | Alta         | Corre\u00e7\u00e3o de pequenas imperfei\u00e7\u00f5es         |<\/p>\n<p>## Riscos e Cuidados P\u00f3s-Preenchimento Labial<\/p>\n<p>Como todo procedimento est\u00e9tico, o preenchimento labial apresenta alguns riscos, como:<\/p>\n<p>*   **Incha\u00e7o e Vermelhid\u00e3o:** S\u00e3o comuns nos primeiros dias ap\u00f3s o procedimento e desaparecem em poucos dias.<br \/>\n*   **Hematomas:** Podem ocorrer em alguns casos, mas s\u00e3o tempor\u00e1rios.<br \/>\n*   **Infec\u00e7\u00e3o:** Rara, mas poss\u00edvel se o procedimento n\u00e3o for realizado em um ambiente adequado e com materiais esterilizados.<br \/>\n*   **Rea\u00e7\u00f5es Al\u00e9rgicas:** Raras, mas podem ocorrer em pessoas sens\u00edveis ao \u00e1cido hialur\u00f4nico.<br \/>\n*   **Assimetria Persistente:** Em alguns casos, pode ser necess\u00e1rio realizar retoques para corrigir a assimetria por completo.<\/p>\n<p>Para minimizar os riscos e garantir uma boa recupera\u00e7\u00e3o, siga as orienta\u00e7\u00f5es do profissional:<\/p>\n<p>*   Aplique compressas frias nos l\u00e1bios nas primeiras 24 horas.<br \/>\n*   Evite exposi\u00e7\u00e3o ao sol e calor excessivo.<br \/>\n*   N\u00e3o massageie os l\u00e1bios nos primeiros dias.<br \/>\n*   Use protetor labial com filtro solar.<br \/>\n*   Mantenha uma boa higiene bucal.<\/p>\n<p>&#8212;<br \/>\n\u2705 **AVALIE SEU CASO COM UM ESPECIALISTA \u2014 SEM CUSTO**<br \/>\nAgende agora seu procedimento!<br \/>\n\u2705 Resposta r\u00e1pida<br \/>\n\u2705 Sem compromisso<br \/>\n\u2705 Atendimento humano<br \/>\n\ud83d\udc49 **[QUERO AVALIAR MEU CASO GRATUITAMENTE](https:\/\/elastracy.com.br\/)**<br \/>\n&#8212;<\/p>\n<p>## Erros Comuns ao Fazer Preenchimento Labial<\/p>\n<p>Muitas pessoas cometem erros que podem comprometer o resultado do preenchimento labial. Evite:<\/p>\n<p>1.  **Escolher um profissional n\u00e3o qualificado:** A experi\u00eancia e a qualifica\u00e7\u00e3o do profissional s\u00e3o fundamentais para garantir a seguran\u00e7a e o sucesso do procedimento.<br \/>\n2.  **N\u00e3o seguir as orienta\u00e7\u00f5es p\u00f3s-procedimento:** Os cuidados p\u00f3s-preenchimento s\u00e3o essenciais para uma boa recupera\u00e7\u00e3o e um resultado duradouro.<br \/>\n3.  **Exagerar na quantidade de produto:** O excesso de preenchimento pode causar um resultado artificial e desproporcional.<br \/>\n4.  **N\u00e3o informar o profissional sobre alergias ou condi\u00e7\u00f5es m\u00e9dicas:** \u00c9 importante informar o profissional sobre qualquer alergia ou condi\u00e7\u00e3o m\u00e9dica preexistente para evitar complica\u00e7\u00f5es.<br \/>\n5.  **Esperar resultados imediatos e definitivos:** O resultado final do preenchimento labial pode levar alguns dias para aparecer e o efeito n\u00e3o \u00e9 permanente.<\/p>\n<p>## FAQ: Aumento Labial para L\u00e1bios Assim\u00e9tricos<\/p>\n<p>**1. O preenchimento labial d\u00f3i?**<br \/>\nCom a anestesia local, o procedimento \u00e9 praticamente indolor.<\/p>\n<p>**2. Quanto tempo dura o preenchimento labial?**<br \/>\nO efeito do preenchimento labial dura de 6 a 12 meses, dependendo do organismo de cada pessoa.<\/p>\n<p>**3. O preenchimento labial deixa os l\u00e1bios artificiais?**<br \/>\nQuando realizado por um profissional qualificado e com a t\u00e9cnica adequada, o preenchimento labial proporciona um resultado natural e harmonioso.<\/p>\n<p>**4. Quais s\u00e3o os cuidados ap\u00f3s o preenchimento labial?**<br \/>\nAplique compressas frias, evite exposi\u00e7\u00e3o ao sol e calor, n\u00e3o massageie os l\u00e1bios e use protetor labial com filtro solar.<\/p>\n<p>**5. Quem pode fazer preenchimento labial?**<br \/>\nPessoas maiores de 18 anos que desejam aumentar o volume dos l\u00e1bios, corrigir assimetrias ou definir o contorno.<\/p>\n<p>**6. Existe alguma contraindica\u00e7\u00e3o?**<br \/>\nGestantes, lactantes, pessoas com doen\u00e7as autoimunes ou infec\u00e7\u00f5es ativas na regi\u00e3o dos l\u00e1bios n\u00e3o devem realizar o procedimento.<\/p>\n<p>## Acompanhe Nossos Canais<\/p>\n<p>Fique por dentro das novidades, dicas e promo\u00e7\u00f5es da Elas Tracy! Siga-nos nas redes sociais:<\/p>\n<p>*   Instagram: <a href=\"https:\/\/www.instagram.com\/elastracy\/\" target=\"_blank\" rel=\"noopener noreferrer\">Acompanhe dicas di\u00e1rias no nosso Instagram<\/a><br \/>\n*   YouTube: <a href=\"https:\/\/www.youtube.com\/@elastracy\" target=\"_blank\" rel=\"noopener noreferrer\">Assista nossos v\u00eddeos explicativos no YouTube<\/a><br \/>\n*   LinkedIn: <a href=\"https:\/\/www.sobrancelhasperfeitas.elastracy.com.br\/\" target=\"_blank\" rel=\"noopener noreferrer\">Conecte-se conosco no LinkedIn<\/a><br \/>\n*   Google Maps: <a href=\"https:\/\/share.google\/hpay0lNj6z2gBJiek\" target=\"_blank\" rel=\"noopener noreferrer\">Encontre nosso espa\u00e7o no Google Maps<\/a><br \/>\n*   Acesse todos os nossos links: <a href=\"https:\/\/elastracy.com.br\/\" target=\"_blank\" rel=\"noopener noreferrer\">Elas Tracy<\/a><\/p>\n<p>## Conclus\u00e3o: L\u00e1bios Sim\u00e9tricos e Autoestima Elevada<\/p>\n<p>Corrigir a assimetria labial com o preenchimento \u00e9 um passo importante para aumentar sua autoestima e se sentir mais confiante com o seu sorriso. Na Elas Tracy, localizada na Zona Leste de S\u00e3o Paulo, voc\u00ea encontra profissionais qualificados e experientes para realizar o procedimento com seguran\u00e7a e excel\u00eancia.<\/p>\n<p>N\u00e3o deixe que a assimetria labial te incomode mais! Agende sua avalia\u00e7\u00e3o gratuita e descubra como o preenchimento labial pode transformar o seu sorriso e a sua autoestima. Estamos localizados pr\u00f3ximo aos bairros do Tatuap\u00e9, Mooca e An\u00e1lia Franco.<\/p>\n<p>&#8212;<br \/>\n\u26a1 **N\u00c3O DEIXE PARA AMANH\u00c3 O QUE PODE CUSTAR CARO HOJE**<br \/>\nFale com uma de nossas Especialista!<br \/>\n\ud83d\uddfa\ufe0f Google Maps: https:\/\/share.google\/hpay0lNj6z2gBJiek<br \/>\n\ud83d\udc49 **[\ud83d\ude80 QUERO RESOLVER ISSO AGORA](https:\/\/elastracy.com.br\/)**<br \/>\n&#8212;<\/p>\n<p>&#8220;`json<br \/>\n{<br \/>\n  &#8220;titulo&#8221;: &#8220;Aumento Labial para L\u00e1bios Assim\u00e9tricos: Guia 2026&#8221;,<br \/>\n  &#8220;slug&#8221;: &#8220;aumento-labial-labios-assimetricos&#8221;,<br \/>\n  &#8220;palavra_chave_foco&#8221;: &#8220;aumento l\u00e1bios l\u00e1bios assim\u00e9tricos&#8221;,<br \/>\n  &#8220;palavras_secundarias&#8221;: [&#8220;preenchimento labial&#8221;, &#8220;assimetria labial&#8221;, &#8220;\u00e1cido hialur\u00f4nico&#8221;, &#8220;l\u00e1bios sim\u00e9tricos&#8221;, &#8220;zona leste SP&#8221;],<br \/>\n  &#8220;long_tail&#8221;: [&#8220;como corrigir l\u00e1bios assim\u00e9tricos&#8221;, &#8220;preenchimento labial para assimetria&#8221;, &#8220;pre\u00e7o preenchimento labial tatuap\u00e9&#8221;, &#8220;qual a melhor t\u00e9cnica para preenchimento labial&#8221;, &#8220;cuidados ap\u00f3s preenchimento labial&#8221;],<br \/>\n  &#8220;meta_description&#8221;: &#8220;L\u00e1bios assim\u00e9tricos te incomodam? Descubra como o aumento labial corrige a assimetria e te d\u00e1 o sorriso dos sonhos! Agende sua avalia\u00e7\u00e3o GRATUITA!&#8221;,<br \/>\n  &#8220;content_html&#8221;: &#8220;Conte\u00fado HTML do artigo completo&#8230;&#8221;,<br \/>\n  &#8220;schema_markup&#8221;: ,<br \/>\n  &#8220;faq_schema&#8221;: ,<br \/>\n      {&#8220;@type&#8221;:&#8221;Question&#8221;,&#8221;name&#8221;:&#8221;Quanto tempo dura o preenchimento labial?&#8221;,&#8221;acceptedAnswer&#8221;:{&#8220;@type&#8221;:&#8221;Answer&#8221;,&#8221;text&#8221;:&#8221;O efeito do preenchimento labial dura de 6 a 12 meses, dependendo do organismo de cada pessoa.&#8221;}},<br \/>\n      {&#8220;@type&#8221;:&#8221;Question&#8221;,&#8221;name&#8221;:&#8221;O preenchimento labial deixa os l\u00e1bios artificiais?&#8221;,&#8221;acceptedAnswer&#8221;:{&#8220;@type&#8221;:&#8221;Answer&#8221;,&#8221;text&#8221;:&#8221;Quando realizado por um profissional qualificado e com a t\u00e9cnica adequada, o preenchimento labial proporciona um resultado natural e harmonioso.&#8221;}},<br \/>\n      {&#8220;@type&#8221;:&#8221;Question&#8221;,&#8221;name&#8221;:&#8221;Quais s\u00e3o os cuidados ap\u00f3s o preenchimento labial?&#8221;,&#8221;acceptedAnswer&#8221;:{&#8220;@type&#8221;:&#8221;Answer&#8221;,&#8221;text&#8221;:&#8221;Aplique compressas frias, evite exposi\u00e7\u00e3o ao sol e calor, n\u00e3o massageie os l\u00e1bios e use protetor labial com filtro solar.&#8221;}},<br \/>\n      {&#8220;@type&#8221;:&#8221;Question&#8221;,&#8221;name&#8221;:&#8221;Quem pode fazer preenchimento labial?&#8221;,&#8221;acceptedAnswer&#8221;:{&#8220;@type&#8221;:&#8221;Answer&#8221;,&#8221;text&#8221;:&#8221;Pessoas maiores de 18 anos que desejam aumentar o volume dos l\u00e1bios, corrigir assimetrias ou definir o contorno.&#8221;}},<br \/>\n      {&#8220;@type&#8221;:&#8221;Question&#8221;,&#8221;name&#8221;:&#8221;Existe alguma contraindica\u00e7\u00e3o?&#8221;,&#8221;acceptedAnswer&#8221;:{&#8220;@type&#8221;:&#8221;Answer&#8221;,&#8221;text&#8221;:&#8221;Gestantes, lactantes, pessoas com doen\u00e7as autoimunes ou infec\u00e7\u00f5es ativas na regi\u00e3o dos l\u00e1bios n\u00e3o devem realizar o procedimento.&#8221;}}<br \/>\n    ]<br \/>\n  },<br \/>\n  &#8220;tags&#8221;: [&#8220;preenchimento labial&#8221;, &#8220;assimetria labial&#8221;, &#8220;\u00e1cido hialur\u00f4nico&#8221;, &#8220;l\u00e1bios sim\u00e9tricos&#8221;, &#8220;zona leste SP&#8221;, &#8220;tatuap\u00e9&#8221;, &#8220;mooca&#8221;, &#8220;an\u00e1lia franco&#8221;],<br \/>\n  &#8220;categoria_primaria&#8221;: &#8220;Est\u00e9tica&#8221;,<br \/>\n  &#8220;tempo_leitura&#8221;: &#8220;10 min&#8221;,<br \/>\n  &#8220;flesch_estimado&#8221;: &#8220;75&#8221;,<br \/>\n  &#8220;links_externos&#8221;: [<br \/>\n    {&#8220;url&#8221;:&#8221;https:\/\/www.sbcpe.org.br\/&#8221;, &#8220;ancora&#8221;:&#8221;Sociedade Brasileira de Cirurgia Pl\u00e1stica&#8221;}<br \/>\n  ],<br \/>\n  &#8220;ctas_incluidas&#8221;: [&#8220;emergencia&#8221;,&#8221;autoridade&#8221;,&#8221;lead&#8221;,&#8221;comunidade&#8221;,&#8221;fechamento&#8221;],<br \/>\n  &#8220;image&#8221;: {<br \/>\n    &#8220;prompt&#8221;: &#8220;Fotografia profissional de mulher sorrindo com l\u00e1bios sim\u00e9tricos, estilo Reuters\/fotojornalismo, ilumina\u00e7\u00e3o natural, 8k fotorrealista, sem texto na imagem&#8221;,<br \/>\n    &#8220;alt&#8221;: &#8220;mulher sorrindo com l\u00e1bios sim\u00e9tricos ap\u00f3s preenchimento labial&#8221;,<br \/>\n    &#8220;title&#8221;: &#8220;l\u00e1bios sim\u00e9tricos e volumosos ap\u00f3s preenchimento labial&#8221;<br \/>\n  },<br \/>\n  &#8220;disclaimer&#8221;: &#8220;Este conte\u00fado \u00e9 informativo e n\u00e3o substitui consulta com profissional habilitado.&#8221;,<br \/>\n  &#8220;geo&#8221;: {<br \/>\n    &#8220;cidade&#8221;: &#8220;S\u00e3o Paulo&#8221;,<br \/>\n    &#8220;bairros&#8221;: [&#8220;Tatuap\u00e9&#8221;,&#8221;Mooca&#8221;,&#8221;An\u00e1lia Franco&#8221;,&#8221;Penha&#8221;,&#8221;Vila Carr\u00e3o&#8221;,&#8221;Itaquera&#8221;,&#8221;S\u00e3o Mateus&#8221;,&#8221;Sapopemba&#8221;],<br \/>\n    &#8220;mapa_url&#8221;: &#8220;https:\/\/maps.google.com\/?q=Elas+Tracy+Tatuap\u00e9&#8221;<br \/>\n  }<br \/>\n}<br \/>\n&#8220;`<\/p>\n","protected":false},"excerpt":{"rendered":"<p>L\u00e1bios assim\u00e9tricos te incomodam? Descubra como o aumento labial corrige a assimetria e te d\u00e1 o sorriso dos sonhos! Agende sua avalia\u00e7\u00e3o GRATUITA!<\/p>\n","protected":false},"author":0,"featured_media":2255,"comment_status":"open","ping_status":"open","sticky":false,"template":"","format":"standard","meta":{"footnotes":""},"categories":[1],"tags":[],"class_list":["post-2256","post","type-post","status-publish","format-standard","has-post-thumbnail","hentry","category-estetica-beleza-saude"],"_links":{"self":[{"href":"https:\/\/elastracy.com.br\/blog\/wp-json\/wp\/v2\/posts\/2256","targetHints":{"allow":["GET"]}}],"collection":[{"href":"https:\/\/elastracy.com.br\/blog\/wp-json\/wp\/v2\/posts"}],"about":[{"href":"https:\/\/elastracy.com.br\/blog\/wp-json\/wp\/v2\/types\/post"}],"replies":[{"embeddable":true,"href":"https:\/\/elastracy.com.br\/blog\/wp-json\/wp\/v2\/comments?post=2256"}],"version-history":[{"count":0,"href":"https:\/\/elastracy.com.br\/blog\/wp-json\/wp\/v2\/posts\/2256\/revisions"}],"wp:featuredmedia":[{"embeddable":true,"href":"https:\/\/elastracy.com.br\/blog\/wp-json\/wp\/v2\/media\/2255"}],"wp:attachment":[{"href":"https:\/\/elastracy.com.br\/blog\/wp-json\/wp\/v2\/media?parent=2256"}],"wp:term":[{"taxonomy":"category","embeddable":true,"href":"https:\/\/elastracy.com.br\/blog\/wp-json\/wp\/v2\/categories?post=2256"},{"taxonomy":"post_tag","embeddable":true,"href":"https:\/\/elastracy.com.br\/blog\/wp-json\/wp\/v2\/tags?post=2256"}],"curies":[{"name":"wp","href":"https:\/\/api.w.org\/{rel}","templated":true}]}}