{"id":1777,"date":"2026-02-11T21:14:25","date_gmt":"2026-02-11T21:14:25","guid":{"rendered":"https:\/\/elastracy.com.br\/blog\/laminacao-de-cilios-na-vila-esperanca-guia-simples-e-facil\/"},"modified":"2026-02-14T23:50:21","modified_gmt":"2026-02-14T23:50:21","slug":"laminacao-de-cilios-na-vila-esperanca-guia-simples-e-facil","status":"publish","type":"post","link":"https:\/\/elastracy.com.br\/blog\/laminacao-de-cilios-na-vila-esperanca-guia-simples-e-facil\/","title":{"rendered":"Lamina\u00e7\u00e3o de C\u00edlios na Vila Esperan\u00e7a: Guia Simples e F\u00e1cil"},"content":{"rendered":"<h1>Lamina\u00e7\u00e3o de C\u00edlios na <a href=\"https:\/\/elastracy.com.br\/blog\/esmaltacao-em-gel-que-dura-3-semanas-vila-esperanca\/\" title=\"Vila Esperan\u00e7a\">Vila Esperan\u00e7a<\/a><\/h1>\n<p>Voc\u00ea quer c\u00edlios lindos e curvados? Sem precisar usar r\u00edmel todo dia. A <strong>lamina\u00e7\u00e3o de c\u00edlios na Vila Esperan\u00e7a<\/strong> \u00e9 a solu\u00e7\u00e3o. Este guia explica tudo de um jeito f\u00e1cil.<\/p>\n<p>A lamina\u00e7\u00e3o alinha e curva seus c\u00edlios. Os fios naturais parecem mais longos. O volume tamb\u00e9m parece maior. \u00c9 uma \u00f3tima escolha para o seu dia a dia.<\/p>\n<h2>O que \u00e9 Lamina\u00e7\u00e3o de C\u00edlios?<\/h2>\n<p>\u00c9 um tratamento para os seus c\u00edlios. Usamos produtos leves nos fios. Eles mudam a forma dos seus c\u00edlios. O efeito dura bastante tempo.<\/p>\n<p>A dura\u00e7\u00e3o \u00e9 de quatro a oito semanas. O tratamento tamb\u00e9m nutre seus fios. Eles ficam mais fortes e saud\u00e1veis. O visual fica bonito e natural. Veja a diferen\u00e7a entre <a href=\"\/blog\/laminacao-vs-permanente\">lamina\u00e7\u00e3o e permanente<\/a>.<\/p>\n<h2>Como Funciona o Procedimento?<\/h2>\n<p>O processo \u00e9 bem r\u00e1pido e n\u00e3o d\u00f3i. Veja os passos que seguimos:<\/p>\n<ol>\n<li><strong>Limpeza:<\/strong> Primeiro, limpamos bem seus c\u00edlios. Tiramos toda maquiagem e \u00f3leo.<\/li>\n<li><strong>Aplica\u00e7\u00e3o:<\/strong> Depois, passamos um produto para amaciar. Ele prepara os fios para a curva.<\/li>\n<li><strong>Modelagem:<\/strong> Usamos um molde de silicone. Ele cria a curva perfeita para voc\u00ea.<\/li>\n<li><strong>Fixa\u00e7\u00e3o:<\/strong> Outro produto fixa a nova forma. A curva fica no lugar certo.<\/li>\n<li><strong>Nutri\u00e7\u00e3o:<\/strong> Por fim, um \u00f3leo nutre os fios. Eles ficam fortes e bem hidratados.<\/li>\n<\/ol>\n<p>O processo todo leva cerca de uma hora. N\u00e3o molhe os c\u00edlios por 24 horas. Isso ajuda o resultado a durar mais. <a href=\"\/servicos\/laminacao-de-cilios\">Conhe\u00e7a nosso servi\u00e7o completo<\/a>.<\/p>\n<h2>Quais os Benef\u00edcios da Lamina\u00e7\u00e3o?<\/h2>\n<p>A lamina\u00e7\u00e3o de c\u00edlios tem muitas vantagens. Deixa seu olhar lindo e pr\u00e1tico. <a href=\"\/blog\/beneficios-laminacao-cilios\">Leia mais sobre os benef\u00edcios<\/a>.<\/p>\n<ul>\n<li>Deixa os c\u00edlios curvados e naturais.<\/li>\n<li>Voc\u00ea n\u00e3o precisa mais usar r\u00edmel.<\/li>\n<li>Seus c\u00edlios ficam fortes e nutridos.<\/li>\n<li>O processo \u00e9 r\u00e1pido e indolor.<\/li>\n<li>O efeito dura at\u00e9 oito semanas.<\/li>\n<\/ul>\n<p>Voc\u00ea pode combinar com outros servi\u00e7os. A <a href=\"\/servicos\/tintura-de-cilios\">tintura de c\u00edlios<\/a> \u00e9 uma \u00f3tima op\u00e7\u00e3o. O resultado fica ainda mais bonito.<\/p>\n<h2>Onde Fazer na Vila Esperan\u00e7a?<\/h2>\n<p>Achar um bom profissional \u00e9 vital. Isso garante um resultado seguro. E protege seus c\u00edlios de danos. N\u00f3s oferecemos este servi\u00e7o aqui.<\/p>\n<p>Pesquise bem sobre o profissional. Veja se ele usa bons produtos. A higiene do local \u00e9 muito importante. Pe\u00e7a para ver fotos de outros trabalhos. <a href=\"\/galeria\">Veja nossos resultados incr\u00edveis<\/a>.<\/p>\n<h2>Quanto Custa a Lamina\u00e7\u00e3o de C\u00edlios?<\/h2>\n<p>O pre\u00e7o da lamina\u00e7\u00e3o pode variar. Depende do local e dos produtos usados. Na Vila Esperan\u00e7a, o valor \u00e9 de R$ 80 a R$ 150. <a href=\"\/precos\">Confira nossa tabela de pre\u00e7os<\/a>.<\/p>\n<p>Pesquise e compare os valores. Pre\u00e7os muito baixos podem ser um risco. Podem indicar produtos de baixa qualidade. Ou um profissional sem experi\u00eancia.<\/p>\n<h2>Cuidados Ap\u00f3s o Procedimento<\/h2>\n<p>Para o efeito durar mais, siga dicas simples. Elas mant\u00eam seus c\u00edlios saud\u00e1veis.<\/p>\n<ul>\n<li>N\u00e3o molhe os c\u00edlios por 24 horas.<\/li>\n<li>Evite usar r\u00edmel \u00e0 prova d&#8217;\u00e1gua.<\/li>\n<li>N\u00e3o esfregue os olhos com for\u00e7a.<\/li>\n<li>Use um removedor de maquiagem suave.<\/li>\n<li>Passe um \u00f3leo para nutrir os fios.<\/li>\n<\/ul>\n<p>Siga estas dicas f\u00e1ceis. Seus c\u00edlios ficar\u00e3o lindos por mais tempo. E tamb\u00e9m muito mais saud\u00e1veis. <a href=\"\/blog\/cuidados-pos-laminacao\">Leia mais sobre os cuidados aqui<\/a>.<\/p>\n<h2>Lamina\u00e7\u00e3o ou Permanente de C\u00edlios?<\/h2>\n<p>Os dois tratamentos curvam os c\u00edlios. Mas eles s\u00e3o bem diferentes. Veja a tabela abaixo para entender.<\/p>\n<table>\n<thead>\n<tr>\n<th>Caracter\u00edstica<\/th>\n<th>Lamina\u00e7\u00e3o de C\u00edlios<\/th>\n<th>Permanente de C\u00edlios<\/th>\n<\/tr>\n<\/thead>\n<tbody>\n<tr>\n<td><strong>O que faz?<\/strong><\/td>\n<td>Curva e nutre<\/td>\n<td>Apenas curva<\/td>\n<\/tr>\n<tr>\n<td><strong>Produtos<\/strong><\/td>\n<td>Leves e nutritivos<\/td>\n<td>Qu\u00edmicos fortes<\/td>\n<\/tr>\n<tr>\n<td><strong>Dura\u00e7\u00e3o<\/strong><\/td>\n<td>4 a 8 semanas<\/td>\n<td>6 a 12 semanas<\/td>\n<\/tr>\n<tr>\n<td><strong>Danos aos fios<\/strong><\/td>\n<td>Menos danos<\/td>\n<td>Mais danos<\/td>\n<\/tr>\n<\/tbody>\n<\/table>\n<p>A lamina\u00e7\u00e3o \u00e9 uma op\u00e7\u00e3o mais suave. Ela cuida dos seus c\u00edlios. O permanente pode ser mais agressivo. Ele pode danificar mais os fios.<\/p>\n<h2>Combine com a Tintura de C\u00edlios<\/h2>\n<p>A tintura de c\u00edlios pinta os fios. Eles ficam escuros e bem definidos. \u00c9 um \u00f3timo extra para a lamina\u00e7\u00e3o. Seu olhar fica muito mais bonito.<\/p>\n<p>Fazemos a tintura logo ap\u00f3s a lamina\u00e7\u00e3o. O efeito dura cerca de 4 semanas. Escolha sempre um bom profissional. <a href=\"\/servicos\/tintura-de-cilios\">Saiba mais sobre a tintura<\/a>.<\/p>\n<h2>Erros Comuns para Voc\u00ea Evitar<\/h2>\n<p>Para ter um bom resultado, evite erros. Fique atenta a estes pontos importantes:<\/p>\n<ul>\n<li>Escolher um profissional sem experi\u00eancia.<\/li>\n<li>Permitir o uso de produtos ruins.<\/li>\n<li>N\u00e3o cuidar dos c\u00edlios em casa.<\/li>\n<li>Fazer o tratamento com muita frequ\u00eancia.<\/li>\n<li>Esquecer de avisar sobre alergias.<\/li>\n<\/ul>\n<p>Evite esses erros simples. Assim, o resultado ser\u00e1 seguro. Voc\u00ea vai amar seus novos c\u00edlios. <a href=\"\/contato\">Fale conosco se tiver d\u00favidas<\/a>.<\/p>\n<h2>Perguntas Frequentes (FAQ)<\/h2>\n<h3>O que \u00e9 lamina\u00e7\u00e3o de c\u00edlios?<\/h3>\n<p>\u00c9 um tratamento que curva e nutre. Seus c\u00edlios ficam lindos e alinhados. Voc\u00ea n\u00e3o precisa mais de r\u00edmel.<\/p>\n<h3>Quanto tempo dura o efeito?<\/h3>\n<p>O efeito dura de 4 a 8 semanas. Depende de como voc\u00ea cuida deles. E do ciclo de vida dos seus fios.<\/p>\n<h3>A lamina\u00e7\u00e3o estraga os c\u00edlios?<\/h3>\n<p>N\u00e3o, se for bem feito por um profissional. Usamos bons produtos. O tratamento ajuda a nutrir os fios.<\/p>\n<h3>Como cuidar dos c\u00edlios depois?<\/h3>\n<p>N\u00e3o molhe por 24 horas. Evite r\u00edmel forte. N\u00e3o esfregue os olhos com for\u00e7a. Use um \u00f3leo para hidratar.<\/p>\n<h3>Lamina\u00e7\u00e3o \u00e9 igual a permanente?<\/h3>\n<p>N\u00e3o. A lamina\u00e7\u00e3o tamb\u00e9m nutre os fios. O permanente apenas curva. A lamina\u00e7\u00e3o \u00e9 mais suave e saud\u00e1vel.<\/p>\n<h2>Conclus\u00e3o: Vale a Pena Fazer?<\/h2>\n<p>Sim! A lamina\u00e7\u00e3o de c\u00edlios \u00e9 \u00f3tima. \u00c9 perfeita para voc\u00ea da Vila Esperan\u00e7a. Tenha c\u00edlios lindos, curvados e saud\u00e1veis. \u00c9 um jeito f\u00e1cil de real\u00e7ar sua beleza.<\/p>\n<p>Escolha um bom profissional. Nossa <a href=\"\/sobre-nos\">equipe \u00e9 especialista no assunto<\/a>. Voc\u00ea vai amar o resultado. E se sentir ainda mais bonita.<\/p>\n<h2>Agende Sua Avalia\u00e7\u00e3o Gratuita!<\/h2>\n<p>Quer saber mais sobre o servi\u00e7o? <a href=\"\/agendamento\">Agende sua avalia\u00e7\u00e3o gratuita<\/a>. Descubra todos os benef\u00edcios. Estamos esperando por voc\u00ea!<\/p>\n<p>Siga nosso trabalho nas redes sociais. Acompanhe dicas no <a href=\"https:\/\/www.instagram.com\/elastracy\/\" target=\"_blank\" rel=\"noopener noreferrer\">Instagram<\/a>. Veja v\u00eddeos no nosso <a href=\"https:\/\/www.youtube.com\/@elastracy\" target=\"_blank\" rel=\"noopener noreferrer\">YouTube<\/a>. E conecte-se no <a href=\"https:\/\/www.sobrancelhasperfeitas.elastracy.com.br\/\" target=\"_blank\" rel=\"noopener noreferrer\">LinkedIn<\/a>.<\/p>\n<p>Venha nos visitar! <a href=\"https:\/\/share.google\/hpay0lNj6z2gBJiek\" target=\"_blank\" rel=\"noopener noreferrer\">Veja nossa localiza\u00e7\u00e3o no mapa<\/a>. Acesse todos os nossos links <a href=\"https:\/\/elastracy.com.br\/\" target=\"_blank\" rel=\"noopener noreferrer\">aqui no nosso Linktree<\/a>.<\/p>\n<p>Para sua seguran\u00e7a, usamos produtos aprovados pela <a href=\"https:\/\/www.anvisa.gov.br\/\" target=\"_blank\" rel=\"noopener noreferrer\">Anvisa<\/a>. Cuidar da sua sa\u00fade \u00e9 nossa prioridade.<\/p>\n<p><!-- FAQ Schema - ContentFactory RDM --><br \/>\n{&#8220;@context&#8221;:&#8221;https:\/\/schema.org&#8221;,&#8221;@type&#8221;:&#8221;FAQPage&#8221;,&#8221;mainEntity&#8221;:[{&#8220;@type&#8221;:&#8221;Question&#8221;,&#8221;name&#8221;:&#8221;O que \u00e9 Lamina\u00e7\u00e3o de C\u00edlios?&#8221;,&#8221;acceptedAnswer&#8221;:{&#8220;@type&#8221;:&#8221;Answer&#8221;,&#8221;text&#8221;:&#8221;\u00c9 um tratamento para os seus c\u00edlios. Usamos produtos leves nos fios. Eles mudam a forma dos seus c\u00edlios. O efeito dura bastante tempo.&#8221;}},{&#8220;@type&#8221;:&#8221;Question&#8221;,&#8221;name&#8221;:&#8221;Como Funciona o Procedimento?&#8221;,&#8221;acceptedAnswer&#8221;:{&#8220;@type&#8221;:&#8221;Answer&#8221;,&#8221;text&#8221;:&#8221;O processo \u00e9 bem r\u00e1pido e n\u00e3o d\u00f3i. Veja os passos que seguimos:&#8221;}},{&#8220;@type&#8221;:&#8221;Question&#8221;,&#8221;name&#8221;:&#8221;Quais os Benef\u00edcios da Lamina\u00e7\u00e3o?&#8221;,&#8221;acceptedAnswer&#8221;:{&#8220;@type&#8221;:&#8221;Answer&#8221;,&#8221;text&#8221;:&#8221;A lamina\u00e7\u00e3o de c\u00edlios tem muitas vantagens. Deixa seu olhar lindo e pr\u00e1tico. Leia mais sobre os benef\u00edcios.&#8221;}},{&#8220;@type&#8221;:&#8221;Question&#8221;,&#8221;name&#8221;:&#8221;Onde Fazer na Vila Esperan\u00e7a?&#8221;,&#8221;acceptedAnswer&#8221;:{&#8220;@type&#8221;:&#8221;Answer&#8221;,&#8221;text&#8221;:&#8221;Achar um bom profissional \u00e9 vital. Isso garante um resultado seguro. E protege seus c\u00edlios de danos. N\u00f3s oferecemos este servi\u00e7o aqui.&#8221;}},{&#8220;@type&#8221;:&#8221;Question&#8221;,&#8221;name&#8221;:&#8221;Quanto Custa a Lamina\u00e7\u00e3o de C\u00edlios?&#8221;,&#8221;acceptedAnswer&#8221;:{&#8220;@type&#8221;:&#8221;Answer&#8221;,&#8221;text&#8221;:&#8221;O pre\u00e7o da lamina\u00e7\u00e3o pode variar. Depende do local e dos produtos usados. Na Vila Esperan\u00e7a, o valor \u00e9 de R$ 80 a R$ 150. Confira nossa tabela de pre\u00e7os.&#8221;}},{&#8220;@type&#8221;:&#8221;Question&#8221;,&#8221;name&#8221;:&#8221;Cuidados Ap\u00f3s o ProcedimentonnPara o efeito durar mais, siga dicas simples. Elas mant\u00eam seus c\u00edlios saud\u00e1veis.nnn  N\u00e3o molhe os c\u00edlios por 24 horas.n  Evite usar r\u00edmel \u00e0 prova d&#8217;\u00e1gua.n  N\u00e3o esfregue os olhos com for\u00e7a.n  Use um removedor de maquiagem suave.n  Passe um \u00f3leo para nutrir os fios.nnnSiga estas dicas f\u00e1ceis. Seus c\u00edlios ficar\u00e3o lindos por mais tempo. E tamb\u00e9m muito mais saud\u00e1veis. Leia mais sobre os cuidados aqui.nnLamina\u00e7\u00e3o ou Permanente de C\u00edlios?&#8221;,&#8221;acceptedAnswer&#8221;:{&#8220;@type&#8221;:&#8221;Answer&#8221;,&#8221;text&#8221;:&#8221;Os dois tratamentos curvam os c\u00edlios. Mas eles s\u00e3o bem diferentes. Veja a tabela abaixo para entender.&#8221;}},{&#8220;@type&#8221;:&#8221;Question&#8221;,&#8221;name&#8221;:&#8221;Combine com a Tintura de C\u00edliosnnA tintura de c\u00edlios pinta os fios. Eles ficam escuros e bem definidos. \u00c9 um \u00f3timo extra para a lamina\u00e7\u00e3o. Seu olhar fica muito mais bonito.nnFazemos a tintura logo ap\u00f3s a lamina\u00e7\u00e3o. O efeito dura cerca de 4 semanas. Escolha sempre um bom profissional. Saiba mais sobre a tintura.nnErros Comuns para Voc\u00ea EvitarnnPara ter um bom resultado, evite erros. Fique atenta a estes pontos importantes:nnn  Escolher um profissional sem experi\u00eancia.n  Permitir o uso de produtos ruins.n  N\u00e3o cuidar dos c\u00edlios em casa.n  Fazer o tratamento com muita frequ\u00eancia.n  Esquecer de avisar sobre alergias.nnnEvite esses erros simples. Assim, o resultado ser\u00e1 seguro. Voc\u00ea vai amar seus novos c\u00edlios. Fale conosco se tiver d\u00favidas.nnPerguntas Frequentes (FAQ)nnO que \u00e9 lamina\u00e7\u00e3o de c\u00edlios?&#8221;,&#8221;acceptedAnswer&#8221;:{&#8220;@type&#8221;:&#8221;Answer&#8221;,&#8221;text&#8221;:&#8221;\u00c9 um tratamento que curva e nutre. Seus c\u00edlios ficam lindos e alinhados. Voc\u00ea n\u00e3o precisa mais de r\u00edmel.&#8221;}},{&#8220;@type&#8221;:&#8221;Question&#8221;,&#8221;name&#8221;:&#8221;Quanto tempo dura o efeito?&#8221;,&#8221;acceptedAnswer&#8221;:{&#8220;@type&#8221;:&#8221;Answer&#8221;,&#8221;text&#8221;:&#8221;O efeito dura de 4 a 8 semanas. Depende de como voc\u00ea cuida deles. E do ciclo de vida dos seus fios.&#8221;}},{&#8220;@type&#8221;:&#8221;Question&#8221;,&#8221;name&#8221;:&#8221;A lamina\u00e7\u00e3o estraga os c\u00edlios?&#8221;,&#8221;acceptedAnswer&#8221;:{&#8220;@type&#8221;:&#8221;Answer&#8221;,&#8221;text&#8221;:&#8221;N\u00e3o, se for bem feito por um profissional. Usamos bons produtos. O tratamento ajuda a nutrir os fios.&#8221;}},{&#8220;@type&#8221;:&#8221;Question&#8221;,&#8221;name&#8221;:&#8221;Como cuidar dos c\u00edlios depois?&#8221;,&#8221;acceptedAnswer&#8221;:{&#8220;@type&#8221;:&#8221;Answer&#8221;,&#8221;text&#8221;:&#8221;N\u00e3o molhe por 24 horas. Evite r\u00edmel forte. N\u00e3o esfregue os olhos com for\u00e7a. Use um \u00f3leo para hidratar.&#8221;}}]}<\/p>\n","protected":false},"excerpt":{"rendered":"<p>Quer c\u00edlios curvados na Vila Esperan\u00e7a? Conhe\u00e7a a lamina\u00e7\u00e3o. Veja como funciona, pre\u00e7os e benef\u00edcios. Agende sua avalia\u00e7\u00e3o gr\u00e1tis e tenha um olhar lindo!<\/p>\n","protected":false},"author":0,"featured_media":1776,"comment_status":"open","ping_status":"open","sticky":false,"template":"","format":"standard","meta":{"footnotes":""},"categories":[1],"tags":[],"class_list":["post-1777","post","type-post","status-publish","format-standard","has-post-thumbnail","hentry","category-estetica-beleza-saude"],"_links":{"self":[{"href":"https:\/\/elastracy.com.br\/blog\/wp-json\/wp\/v2\/posts\/1777","targetHints":{"allow":["GET"]}}],"collection":[{"href":"https:\/\/elastracy.com.br\/blog\/wp-json\/wp\/v2\/posts"}],"about":[{"href":"https:\/\/elastracy.com.br\/blog\/wp-json\/wp\/v2\/types\/post"}],"replies":[{"embeddable":true,"href":"https:\/\/elastracy.com.br\/blog\/wp-json\/wp\/v2\/comments?post=1777"}],"version-history":[{"count":2,"href":"https:\/\/elastracy.com.br\/blog\/wp-json\/wp\/v2\/posts\/1777\/revisions"}],"predecessor-version":[{"id":2083,"href":"https:\/\/elastracy.com.br\/blog\/wp-json\/wp\/v2\/posts\/1777\/revisions\/2083"}],"wp:featuredmedia":[{"embeddable":true,"href":"https:\/\/elastracy.com.br\/blog\/wp-json\/wp\/v2\/media\/1776"}],"wp:attachment":[{"href":"https:\/\/elastracy.com.br\/blog\/wp-json\/wp\/v2\/media?parent=1777"}],"wp:term":[{"taxonomy":"category","embeddable":true,"href":"https:\/\/elastracy.com.br\/blog\/wp-json\/wp\/v2\/categories?post=1777"},{"taxonomy":"post_tag","embeddable":true,"href":"https:\/\/elastracy.com.br\/blog\/wp-json\/wp\/v2\/tags?post=1777"}],"curies":[{"name":"wp","href":"https:\/\/api.w.org\/{rel}","templated":true}]}}